{"id":1558,"date":"2021-02-08T10:56:54","date_gmt":"2021-02-08T15:56:54","guid":{"rendered":"http:\/\/beingblackincanada.mysites.io\/?p=1558"},"modified":"2021-02-08T13:46:45","modified_gmt":"2021-02-08T18:46:45","slug":"partenariat-f-colas-et-national","status":"publish","type":"post","link":"https:\/\/beingblackincanada.com\/fr\/partenariat-f-colas-et-national\/","title":{"rendered":"Partenariat strat\u00e9gique entre NATIONAL et la Fondation Fabienne Colas"},"content":{"rendered":"<p>[et_pb_section bb_built=\u00a0\u00bb1&Prime;][et_pb_row][et_pb_column type=\u00a0\u00bb4_4&Prime;][et_pb_text _builder_version=\u00a0\u00bb4.0.6&Prime; text_text_shadow_horizontal_length=\u00a0\u00bbtext_text_shadow_style,%91object Object%93&Prime; text_text_shadow_horizontal_length_tablet=\u00a0\u00bb0px\u00a0\u00bb text_text_shadow_vertical_length=\u00a0\u00bbtext_text_shadow_style,%91object Object%93&Prime; text_text_shadow_vertical_length_tablet=\u00a0\u00bb0px\u00a0\u00bb text_text_shadow_blur_strength=\u00a0\u00bbtext_text_shadow_style,%91object Object%93&Prime; text_text_shadow_blur_strength_tablet=\u00a0\u00bb1px\u00a0\u00bb link_text_shadow_horizontal_length=\u00a0\u00bblink_text_shadow_style,%91object Object%93&Prime; link_text_shadow_horizontal_length_tablet=\u00a0\u00bb0px\u00a0\u00bb link_text_shadow_vertical_length=\u00a0\u00bblink_text_shadow_style,%91object Object%93&Prime; link_text_shadow_vertical_length_tablet=\u00a0\u00bb0px\u00a0\u00bb link_text_shadow_blur_strength=\u00a0\u00bblink_text_shadow_style,%91object Object%93&Prime; link_text_shadow_blur_strength_tablet=\u00a0\u00bb1px\u00a0\u00bb ul_text_shadow_horizontal_length=\u00a0\u00bbul_text_shadow_style,%91object Object%93&Prime; ul_text_shadow_horizontal_length_tablet=\u00a0\u00bb0px\u00a0\u00bb ul_text_shadow_vertical_length=\u00a0\u00bbul_text_shadow_style,%91object Object%93&Prime; ul_text_shadow_vertical_length_tablet=\u00a0\u00bb0px\u00a0\u00bb ul_text_shadow_blur_strength=\u00a0\u00bbul_text_shadow_style,%91object Object%93&Prime; ul_text_shadow_blur_strength_tablet=\u00a0\u00bb1px\u00a0\u00bb ol_text_shadow_horizontal_length=\u00a0\u00bbol_text_shadow_style,%91object Object%93&Prime; ol_text_shadow_horizontal_length_tablet=\u00a0\u00bb0px\u00a0\u00bb ol_text_shadow_vertical_length=\u00a0\u00bbol_text_shadow_style,%91object Object%93&Prime; ol_text_shadow_vertical_length_tablet=\u00a0\u00bb0px\u00a0\u00bb ol_text_shadow_blur_strength=\u00a0\u00bbol_text_shadow_style,%91object Object%93&Prime; ol_text_shadow_blur_strength_tablet=\u00a0\u00bb1px\u00a0\u00bb quote_text_shadow_horizontal_length=\u00a0\u00bbquote_text_shadow_style,%91object Object%93&Prime; quote_text_shadow_horizontal_length_tablet=\u00a0\u00bb0px\u00a0\u00bb quote_text_shadow_vertical_length=\u00a0\u00bbquote_text_shadow_style,%91object Object%93&Prime; quote_text_shadow_vertical_length_tablet=\u00a0\u00bb0px\u00a0\u00bb quote_text_shadow_blur_strength=\u00a0\u00bbquote_text_shadow_style,%91object Object%93&Prime; quote_text_shadow_blur_strength_tablet=\u00a0\u00bb1px\u00a0\u00bb header_text_shadow_horizontal_length=\u00a0\u00bbheader_text_shadow_style,%91object Object%93&Prime; header_text_shadow_horizontal_length_tablet=\u00a0\u00bb0px\u00a0\u00bb header_text_shadow_vertical_length=\u00a0\u00bbheader_text_shadow_style,%91object Object%93&Prime; header_text_shadow_vertical_length_tablet=\u00a0\u00bb0px\u00a0\u00bb header_text_shadow_blur_strength=\u00a0\u00bbheader_text_shadow_style,%91object Object%93&Prime; header_text_shadow_blur_strength_tablet=\u00a0\u00bb1px\u00a0\u00bb header_2_text_shadow_horizontal_length=\u00a0\u00bbheader_2_text_shadow_style,%91object Object%93&Prime; header_2_text_shadow_horizontal_length_tablet=\u00a0\u00bb0px\u00a0\u00bb header_2_text_shadow_vertical_length=\u00a0\u00bbheader_2_text_shadow_style,%91object Object%93&Prime; header_2_text_shadow_vertical_length_tablet=\u00a0\u00bb0px\u00a0\u00bb header_2_text_shadow_blur_strength=\u00a0\u00bbheader_2_text_shadow_style,%91object Object%93&Prime; header_2_text_shadow_blur_strength_tablet=\u00a0\u00bb1px\u00a0\u00bb header_3_text_shadow_horizontal_length=\u00a0\u00bbheader_3_text_shadow_style,%91object Object%93&Prime; header_3_text_shadow_horizontal_length_tablet=\u00a0\u00bb0px\u00a0\u00bb header_3_text_shadow_vertical_length=\u00a0\u00bbheader_3_text_shadow_style,%91object Object%93&Prime; header_3_text_shadow_vertical_length_tablet=\u00a0\u00bb0px\u00a0\u00bb header_3_text_shadow_blur_strength=\u00a0\u00bbheader_3_text_shadow_style,%91object Object%93&Prime; header_3_text_shadow_blur_strength_tablet=\u00a0\u00bb1px\u00a0\u00bb header_4_text_shadow_horizontal_length=\u00a0\u00bbheader_4_text_shadow_style,%91object Object%93&Prime; header_4_text_shadow_horizontal_length_tablet=\u00a0\u00bb0px\u00a0\u00bb header_4_text_shadow_vertical_length=\u00a0\u00bbheader_4_text_shadow_style,%91object Object%93&Prime; header_4_text_shadow_vertical_length_tablet=\u00a0\u00bb0px\u00a0\u00bb header_4_text_shadow_blur_strength=\u00a0\u00bbheader_4_text_shadow_style,%91object Object%93&Prime; header_4_text_shadow_blur_strength_tablet=\u00a0\u00bb1px\u00a0\u00bb header_5_text_shadow_horizontal_length=\u00a0\u00bbheader_5_text_shadow_style,%91object Object%93&Prime; header_5_text_shadow_horizontal_length_tablet=\u00a0\u00bb0px\u00a0\u00bb header_5_text_shadow_vertical_length=\u00a0\u00bbheader_5_text_shadow_style,%91object Object%93&Prime; header_5_text_shadow_vertical_length_tablet=\u00a0\u00bb0px\u00a0\u00bb header_5_text_shadow_blur_strength=\u00a0\u00bbheader_5_text_shadow_style,%91object Object%93&Prime; header_5_text_shadow_blur_strength_tablet=\u00a0\u00bb1px\u00a0\u00bb header_6_text_shadow_horizontal_length=\u00a0\u00bbheader_6_text_shadow_style,%91object Object%93&Prime; header_6_text_shadow_horizontal_length_tablet=\u00a0\u00bb0px\u00a0\u00bb header_6_text_shadow_vertical_length=\u00a0\u00bbheader_6_text_shadow_style,%91object Object%93&Prime; header_6_text_shadow_vertical_length_tablet=\u00a0\u00bb0px\u00a0\u00bb header_6_text_shadow_blur_strength=\u00a0\u00bbheader_6_text_shadow_style,%91object Object%93&Prime; header_6_text_shadow_blur_strength_tablet=\u00a0\u00bb1px\u00a0\u00bb box_shadow_horizontal_tablet=\u00a0\u00bb0px\u00a0\u00bb box_shadow_vertical_tablet=\u00a0\u00bb0px\u00a0\u00bb box_shadow_blur_tablet=\u00a0\u00bb40px\u00a0\u00bb box_shadow_spread_tablet=\u00a0\u00bb0px\u00a0\u00bb z_index_tablet=\u00a0\u00bb500&Prime;]<\/p>\n<h3>NATIONAL s\u2019engage aupr\u00e8s de la Fondation Fabienne Colas pour soutenir le rayonnement des talents des communaut\u00e9s noires au Canada<\/h3>\n<p>Montr\u00e9al, le lundi 8 f\u00e9vrier 2021. \u2014\u00a0Le Cabinet de relations publiques NATIONAL s\u2019engage aupr\u00e8s de la Fondation Fabienne Colas pour soutenir et promouvoir une dizaine d\u2019\u00e9v\u00e9nements et d\u2019initiatives qui mettent en vedette les communaut\u00e9s noires et les minorit\u00e9s visibles partout au Canada tout au long de l\u2019ann\u00e9e\u00a02021.<\/p>\n<p>Les activit\u00e9s commencent avec trois festivals organis\u00e9s en f\u00e9vrier, pendant le Mois de l\u2019Histoire des Noirs\u00a0: le <a href=\"https:\/\/torontoblackfilm.com\/\">Toronto Black Film Festival<\/a>, le festival <a href=\"https:\/\/fonduaunoir.ca\/\">Fondu au Noir<\/a> de Montr\u00e9al et le <a href=\"https:\/\/halifaxblackfilm.com\/\">Halifax Black Film Festival<\/a>, de m\u00eame que le programme <a href=\"http:\/\/www.etrenoiraucanada.com\/\">\u00catre Noir au Canada de la Fondation Fabienne Colas<\/a>, qui permet \u00e0 de jeunes cin\u00e9astes \u00e9mergents \u00e2g\u00e9s de 18 \u00e0 30 ans des communaut\u00e9s noires de Montr\u00e9al, Toronto et Halifax de cr\u00e9er des courts m\u00e9trages documentaires d\u2019une dizaine de minutes, sous la tutelle d\u2019experts de l\u2019industrie, avec des \u00e9quipements professionnels et un mentorat d\u00e9di\u00e9.<\/p>\n<p>Pr\u00e9sidente de la fondation qui porte son nom et fondatrice de nombreux \u00e9v\u00e9nements c\u00e9l\u00e9brant l\u2019histoire et les cultures noires au Canada et ailleurs, <strong>Fabienne Colas<\/strong> souligne\u00a0: \u00ab\u2009L\u2019implication de la communaut\u00e9 d\u2019affaires et d\u2019une firme de premier plan comme NATIONAL pour soutenir l\u2019ensemble de notre mission t\u00e9moigne du changement social qui est en cours au Canada. Nos alli\u00e9s se manifestent et s\u2019engagent pour soutenir concr\u00e8tement la visibilit\u00e9 des communaut\u00e9s noires, de leurs histoires, de leurs talents et de leurs r\u00e9alisations. Je crois profond\u00e9ment que ces actions contribuent \u00e0 amplifier nos voix et nos actions et \u00e0 changer les choses dans le regard de tous les Canadiens et de toutes les Canadiennes\u2009\u00bb.<\/p>\n<p><strong>Martin Daraiche<\/strong>, pr\u00e9sident du Cabinet de relations publiques NATIONAL, ajoute\u00a0: \u00ab\u2009Chez NATIONAL, nous voulons donner une voix \u00e0 ce qui importe. Nous mobilisons les gens dans la r\u00e9flexion et dans l\u2019action et c\u2019est aussi ce que fait la Fondation Fabienne Colas en mettant \u00e0 l\u2019avant-plan une richesse culturelle \u00e0 la fois diversifi\u00e9e et forte. Notre expertise strat\u00e9gique et notre soutien en relations m\u00e9dias et en gestion des m\u00e9dias sociaux contribueront \u00e0 ce que les initiatives de la Fondation soient davantage vues, entendues et partag\u00e9es. Ce projet, qui s\u2019inscrit dans nos valeurs fondamentales, nous donne l\u2019occasion de promouvoir la diversit\u00e9 et l\u2019inclusion dans les communaut\u00e9s au c\u0153ur desquelles nous \u0153uvrons quotidiennement, et ce \u00e0 la grandeur du pays.\u2009\u00bb<\/p>\n<p>Au fil de l\u2019ann\u00e9e\u00a02021, en plus de poursuivre l\u2019organisation du <a href=\"http:\/\/montreal.haitienfolie.com\/\">Festival Ha\u00efti en Folie<\/a> (\u00e0 Montr\u00e9al en juillet) et du <a href=\"https:\/\/montrealblackfilm.com\/\">Festival International du Film Black de Montr\u00e9al<\/a> (en septembre), la Fondation Fabienne Colas \u00e9tendra ses activit\u00e9s dans trois autres villes au Canada, soit Ottawa, Calgary et Vancouver, en plus de d\u00e9velopper d\u2019autres initiatives qui mettront en valeur le talent des membres des communaut\u00e9s de la diversit\u00e9 canadienne.<\/p>\n<h3>\u00c0 propos de la Fondation Fabienne Colas<\/h3>\n<p><a href=\"http:\/\/www.fondationfabiennecolas.org\/\">La Fondation Fabienne Colas<\/a>, organisme artistique professionnel \u00e0 but non lucratif, se voue \u00e0 l\u2019avancement de l\u2019\u00e9ducation et la diversit\u00e9 \u00e0 travers les arts ainsi qu\u2019au soutien \u00e0 la cr\u00e9ation, la production, la promotion et la diffusion du Cin\u00e9ma, de l\u2019Art et de la Culture tant sur le plan national qu\u2019international. Pour remplir sa mission, la Fondation a mis sur pied le Programme Rel\u00e8ve et Diversit\u00e9 et <a href=\"https:\/\/beingblackincanada.com\/fr\/afiliated-festivals\/\">9 festivals<\/a> ici et ailleurs, notamment le programme <a href=\"http:\/\/www.EtreNoirAuCanada.com\">\u00catre Noir au Canada de la Fondation Fabienne Colas<\/a>, ainsi que des programmes visant \u00e0 briser les barri\u00e8res, \u00e0 c\u00e9l\u00e9brer la diversit\u00e9, \u00e0 favoriser la solidarit\u00e9, la compr\u00e9hension et l\u2019inclusion. Depuis sa cr\u00e9ation en 2005, ses programmes et festivals ont pr\u00e9sent\u00e9 et soutenu <strong>plus de 3\u2009000 artistes<\/strong> et attir\u00e9 <strong>plus de 2 millions de festivaliers<\/strong> d\u2019origines diverses au Canada, aux \u00c9tats-Unis et en Ha\u00efti. Elle pr\u00e9sente particuli\u00e8rement les cultures noires \u00e0 Montr\u00e9al, Toronto, Halifax, Ville de New York et Salvador de Bahia \u2014 Br\u00e9sil\u2009; ainsi que la culture qu\u00e9b\u00e9coise \u00e0 Port-au-Prince.<\/p>\n<h3>\u00c0 propos du Cabinet de relations publiques NATIONAL<\/h3>\n<p>Au Cabinet de relations publiques NATIONAL, notre r\u00f4le consiste \u00e0 mettre les clients en relation avec les gens qui importent, \u00e0 travers les bons messages, livr\u00e9s au bon moment. Gr\u00e2ce \u00e0 la recherche, aux perspectives uniques qui en d\u00e9coulent et \u00e0 une profonde compr\u00e9hension des secteurs d\u2019activit\u00e9, nous \u00e9laborons des solutions cr\u00e9atives, capables de mobiliser les gens dans la r\u00e9flexion et l\u2019action. Depuis 45 ans, nous sommes au c\u0153ur d\u2019enjeux et d\u2019industries cl\u00e9s, \u00e0 cr\u00e9er le changement pour aujourd\u2019hui et pour demain.<\/p>\n<p>NATIONAL est la plus importante firme-conseil en relations publiques au\u00a0Canada, desservant des clients dans un large \u00e9ventail de secteurs, avec des bureaux \u00e0\u00a0Vancouver,\u00a0Calgary,\u00a0Toronto,\u00a0Ottawa, Montr\u00e9al, Qu\u00e9bec,\u00a0Saint John,\u00a0Halifax\u00a0et Saint-Jean. L\u2019offre de NATIONAL inclut \u00e9galement\u00a0<a href=\"https:\/\/c212.net\/c\/link\/?t=0&amp;l=fr&amp;o=2945545-1&amp;h=2212437362&amp;u=https%3A%2F%2Fcapitalmarkets.national.ca%2F&amp;a=NATIONAL+March%C3%A9s+des+capitaux\">NATIONAL March\u00e9s des capitaux<\/a>,\u00a0chef de file de l\u2019industrie en relations investisseurs et communication financi\u00e8re. Le Cabinet de relations publiques NATIONAL fait partie d\u2019<a href=\"https:\/\/c212.net\/c\/link\/?t=0&amp;l=fr&amp;o=2945545-1&amp;h=2814729655&amp;u=http%3A%2F%2Fwww.avenir.global%2F&amp;a=AVENIR+GLOBAL\">AVENIR GLOBAL<\/a>,\u00a0parmi les 15\u00a0plus importantes firmes de communication au monde avec des bureaux dans 23 villes au Canada,\u00a0aux\u00a0\u00c9tats-Unis, en\u00a0Europe\u00a0et au Moyen-Orient, et membre du\u00a0Groupe conseil RES PUBLICA. \u00c0 l\u2019\u00e9chelle internationale, NATIONAL est affili\u00e9 \u00e0 BCW, une compagnie WPP. Pour plus de renseignements sur NATIONAL, visitez notre\u00a0<a href=\"https:\/\/c212.net\/c\/link\/?t=0&amp;l=fr&amp;o=2945545-1&amp;h=1556662371&amp;u=http%3A%2F%2Fwww.national.ca%2FAccueil.aspx&amp;a=site+Web\">site Web<\/a>\u00a0ou suivez-nous sur\u00a0<a href=\"https:\/\/c212.net\/c\/link\/?t=0&amp;l=fr&amp;o=2945545-1&amp;h=3170238736&amp;u=https%3A%2F%2Ftwitter.com%2FNATIONALPR&amp;a=Twitter\">Twitter<\/a>.<\/p>\n<p>Contact m\u00e9dias\u00a0: Leslie Molko, 514\u00a0347-8584, <a href=\"mailto:lmolko@national.ca\">lmolko@national.ca<\/a> \u00a0<\/p>\n<p>Pour la Fondation Fabienne Colas\u00a0: V\u00e9ronique Fecteau, 514 893-0772, <a href=\"mailto:veronique@perfecteaucomm.com\">veronique@perfecteaucomm.com<\/a><\/p>\n<p>[\/et_pb_text][\/et_pb_column][\/et_pb_row][\/et_pb_section]<\/p>\n","protected":false},"excerpt":{"rendered":"<p><div class=\"et_pb_row et_pb_row_0 et_pb_row_empty\">\n\t\t\t\t\n\t\t\t\t\n\t\t\t\t\n\t\t\t\t\n\t\t\t\t\n\t\t\t<\/div> NATIONAL s\u2019engage aupr\u00e8s de la Fondation Fabienne Colas pour soutenir le rayonnement des talents des communaut\u00e9s noires au CanadaMontr\u00e9al, le lundi 8 f\u00e9vrier 2021. \u2014\u00a0Le Cabinet de relations publiques NATIONAL s\u2019engage aupr\u00e8s de la Fondation Fabienne Colas pour soutenir et promouvoir une dizaine d\u2019\u00e9v\u00e9nements et d\u2019initiatives qui mettent en vedette les communaut\u00e9s noires et [&hellip;]<\/p>\n","protected":false},"author":1,"featured_media":1554,"comment_status":"open","ping_status":"open","sticky":false,"template":"","format":"standard","meta":{"_et_pb_use_builder":"on","_et_pb_old_content":"","_et_gb_content_width":"","footnotes":""},"categories":[16],"tags":[],"class_list":["post-1558","post","type-post","status-publish","format-standard","has-post-thumbnail","hentry","category-nouvelles"],"yoast_head":"<!-- This site is optimized with the Yoast SEO plugin v25.3.1 - https:\/\/yoast.com\/wordpress\/plugins\/seo\/ -->\n<title>Partenariat strat\u00e9gique entre NATIONAL et la Fondation Fabienne Colas - BEING BLACK IN CANADA<\/title>\n<meta name=\"robots\" content=\"index, follow, max-snippet:-1, max-image-preview:large, max-video-preview:-1\" \/>\n<link rel=\"canonical\" href=\"https:\/\/beingblackincanada.com\/fr\/partenariat-f-colas-et-national\/\" \/>\n<meta property=\"og:locale\" content=\"fr_FR\" \/>\n<meta property=\"og:type\" content=\"article\" \/>\n<meta property=\"og:title\" content=\"Partenariat strat\u00e9gique entre NATIONAL et la Fondation Fabienne Colas - BEING BLACK IN CANADA\" \/>\n<meta property=\"og:description\" content=\"NATIONAL s\u2019engage aupr\u00e8s de la Fondation Fabienne Colas pour soutenir le rayonnement des talents des communaut\u00e9s noires au CanadaMontr\u00e9al, le lundi 8 f\u00e9vrier 2021. \u2014\u00a0Le Cabinet de relations publiques NATIONAL s\u2019engage aupr\u00e8s de la Fondation Fabienne Colas pour soutenir et promouvoir une dizaine d\u2019\u00e9v\u00e9nements et d\u2019initiatives qui mettent en vedette les communaut\u00e9s noires et [&hellip;]\" \/>\n<meta property=\"og:url\" content=\"https:\/\/beingblackincanada.com\/fr\/partenariat-f-colas-et-national\/\" \/>\n<meta property=\"og:site_name\" content=\"BEING BLACK IN CANADA\" \/>\n<meta property=\"article:published_time\" content=\"2021-02-08T15:56:54+00:00\" \/>\n<meta property=\"article:modified_time\" content=\"2021-02-08T18:46:45+00:00\" \/>\n<meta property=\"og:image\" content=\"https:\/\/beingblackincanada.com\/wp-content\/uploads\/2021\/02\/FFC_National_800_400.jpg\" \/>\n\t<meta property=\"og:image:width\" content=\"800\" \/>\n\t<meta property=\"og:image:height\" content=\"400\" \/>\n\t<meta property=\"og:image:type\" content=\"image\/jpeg\" \/>\n<meta name=\"twitter:card\" content=\"summary_large_image\" \/>\n<meta name=\"twitter:label1\" content=\"\u00c9crit par\" \/>\n\t<meta name=\"twitter:data1\" content=\"\" \/>\n\t<meta name=\"twitter:label2\" content=\"Dur\u00e9e de lecture estim\u00e9e\" \/>\n\t<meta name=\"twitter:data2\" content=\"8 minutes\" \/>\n<script type=\"application\/ld+json\" class=\"yoast-schema-graph\">{\"@context\":\"https:\/\/schema.org\",\"@graph\":[{\"@type\":\"WebPage\",\"@id\":\"https:\/\/beingblackincanada.com\/fr\/partenariat-f-colas-et-national\/\",\"url\":\"https:\/\/beingblackincanada.com\/fr\/partenariat-f-colas-et-national\/\",\"name\":\"Partenariat strat\u00e9gique entre NATIONAL et la Fondation Fabienne Colas - BEING BLACK IN CANADA\",\"isPartOf\":{\"@id\":\"https:\/\/beingblackincanada.com\/#website\"},\"primaryImageOfPage\":{\"@id\":\"https:\/\/beingblackincanada.com\/fr\/partenariat-f-colas-et-national\/#primaryimage\"},\"image\":{\"@id\":\"https:\/\/beingblackincanada.com\/fr\/partenariat-f-colas-et-national\/#primaryimage\"},\"thumbnailUrl\":\"https:\/\/beingblackincanada.com\/wp-content\/uploads\/2021\/02\/FFC_National_800_400.jpg\",\"datePublished\":\"2021-02-08T15:56:54+00:00\",\"dateModified\":\"2021-02-08T18:46:45+00:00\",\"author\":{\"@id\":\"\"},\"breadcrumb\":{\"@id\":\"https:\/\/beingblackincanada.com\/fr\/partenariat-f-colas-et-national\/#breadcrumb\"},\"inLanguage\":\"fr-FR\",\"potentialAction\":[{\"@type\":\"ReadAction\",\"target\":[\"https:\/\/beingblackincanada.com\/fr\/partenariat-f-colas-et-national\/\"]}]},{\"@type\":\"ImageObject\",\"inLanguage\":\"fr-FR\",\"@id\":\"https:\/\/beingblackincanada.com\/fr\/partenariat-f-colas-et-national\/#primaryimage\",\"url\":\"https:\/\/beingblackincanada.com\/wp-content\/uploads\/2021\/02\/FFC_National_800_400.jpg\",\"contentUrl\":\"https:\/\/beingblackincanada.com\/wp-content\/uploads\/2021\/02\/FFC_National_800_400.jpg\",\"width\":800,\"height\":400},{\"@type\":\"BreadcrumbList\",\"@id\":\"https:\/\/beingblackincanada.com\/fr\/partenariat-f-colas-et-national\/#breadcrumb\",\"itemListElement\":[{\"@type\":\"ListItem\",\"position\":1,\"name\":\"Home\",\"item\":\"https:\/\/beingblackincanada.com\/fr\/\"},{\"@type\":\"ListItem\",\"position\":2,\"name\":\"Partenariat strat\u00e9gique entre NATIONAL et la Fondation Fabienne Colas\"}]},{\"@type\":\"WebSite\",\"@id\":\"https:\/\/beingblackincanada.com\/#website\",\"url\":\"https:\/\/beingblackincanada.com\/\",\"name\":\"BEING BLACK IN CANADA\",\"description\":\"\",\"potentialAction\":[{\"@type\":\"SearchAction\",\"target\":{\"@type\":\"EntryPoint\",\"urlTemplate\":\"https:\/\/beingblackincanada.com\/?s={search_term_string}\"},\"query-input\":{\"@type\":\"PropertyValueSpecification\",\"valueRequired\":true,\"valueName\":\"search_term_string\"}}],\"inLanguage\":\"fr-FR\"},{\"@type\":\"Person\",\"@id\":\"\",\"url\":\"https:\/\/beingblackincanada.com\/fr\/author\/\"}]}<\/script>\n<!-- \/ Yoast SEO plugin. -->","yoast_head_json":{"title":"Partenariat strat\u00e9gique entre NATIONAL et la Fondation Fabienne Colas - BEING BLACK IN CANADA","robots":{"index":"index","follow":"follow","max-snippet":"max-snippet:-1","max-image-preview":"max-image-preview:large","max-video-preview":"max-video-preview:-1"},"canonical":"https:\/\/beingblackincanada.com\/fr\/partenariat-f-colas-et-national\/","og_locale":"fr_FR","og_type":"article","og_title":"Partenariat strat\u00e9gique entre NATIONAL et la Fondation Fabienne Colas - BEING BLACK IN CANADA","og_description":"NATIONAL s\u2019engage aupr\u00e8s de la Fondation Fabienne Colas pour soutenir le rayonnement des talents des communaut\u00e9s noires au CanadaMontr\u00e9al, le lundi 8 f\u00e9vrier 2021. \u2014\u00a0Le Cabinet de relations publiques NATIONAL s\u2019engage aupr\u00e8s de la Fondation Fabienne Colas pour soutenir et promouvoir une dizaine d\u2019\u00e9v\u00e9nements et d\u2019initiatives qui mettent en vedette les communaut\u00e9s noires et [&hellip;]","og_url":"https:\/\/beingblackincanada.com\/fr\/partenariat-f-colas-et-national\/","og_site_name":"BEING BLACK IN CANADA","article_published_time":"2021-02-08T15:56:54+00:00","article_modified_time":"2021-02-08T18:46:45+00:00","og_image":[{"width":800,"height":400,"url":"https:\/\/beingblackincanada.com\/wp-content\/uploads\/2021\/02\/FFC_National_800_400.jpg","type":"image\/jpeg"}],"twitter_card":"summary_large_image","twitter_misc":{"\u00c9crit par":"","Dur\u00e9e de lecture estim\u00e9e":"8 minutes"},"schema":{"@context":"https:\/\/schema.org","@graph":[{"@type":"WebPage","@id":"https:\/\/beingblackincanada.com\/fr\/partenariat-f-colas-et-national\/","url":"https:\/\/beingblackincanada.com\/fr\/partenariat-f-colas-et-national\/","name":"Partenariat strat\u00e9gique entre NATIONAL et la Fondation Fabienne Colas - BEING BLACK IN CANADA","isPartOf":{"@id":"https:\/\/beingblackincanada.com\/#website"},"primaryImageOfPage":{"@id":"https:\/\/beingblackincanada.com\/fr\/partenariat-f-colas-et-national\/#primaryimage"},"image":{"@id":"https:\/\/beingblackincanada.com\/fr\/partenariat-f-colas-et-national\/#primaryimage"},"thumbnailUrl":"https:\/\/beingblackincanada.com\/wp-content\/uploads\/2021\/02\/FFC_National_800_400.jpg","datePublished":"2021-02-08T15:56:54+00:00","dateModified":"2021-02-08T18:46:45+00:00","author":{"@id":""},"breadcrumb":{"@id":"https:\/\/beingblackincanada.com\/fr\/partenariat-f-colas-et-national\/#breadcrumb"},"inLanguage":"fr-FR","potentialAction":[{"@type":"ReadAction","target":["https:\/\/beingblackincanada.com\/fr\/partenariat-f-colas-et-national\/"]}]},{"@type":"ImageObject","inLanguage":"fr-FR","@id":"https:\/\/beingblackincanada.com\/fr\/partenariat-f-colas-et-national\/#primaryimage","url":"https:\/\/beingblackincanada.com\/wp-content\/uploads\/2021\/02\/FFC_National_800_400.jpg","contentUrl":"https:\/\/beingblackincanada.com\/wp-content\/uploads\/2021\/02\/FFC_National_800_400.jpg","width":800,"height":400},{"@type":"BreadcrumbList","@id":"https:\/\/beingblackincanada.com\/fr\/partenariat-f-colas-et-national\/#breadcrumb","itemListElement":[{"@type":"ListItem","position":1,"name":"Home","item":"https:\/\/beingblackincanada.com\/fr\/"},{"@type":"ListItem","position":2,"name":"Partenariat strat\u00e9gique entre NATIONAL et la Fondation Fabienne Colas"}]},{"@type":"WebSite","@id":"https:\/\/beingblackincanada.com\/#website","url":"https:\/\/beingblackincanada.com\/","name":"BEING BLACK IN CANADA","description":"","potentialAction":[{"@type":"SearchAction","target":{"@type":"EntryPoint","urlTemplate":"https:\/\/beingblackincanada.com\/?s={search_term_string}"},"query-input":{"@type":"PropertyValueSpecification","valueRequired":true,"valueName":"search_term_string"}}],"inLanguage":"fr-FR"},{"@type":"Person","@id":"","url":"https:\/\/beingblackincanada.com\/fr\/author\/"}]}},"_links":{"self":[{"href":"https:\/\/beingblackincanada.com\/fr\/wp-json\/wp\/v2\/posts\/1558","targetHints":{"allow":["GET"]}}],"collection":[{"href":"https:\/\/beingblackincanada.com\/fr\/wp-json\/wp\/v2\/posts"}],"about":[{"href":"https:\/\/beingblackincanada.com\/fr\/wp-json\/wp\/v2\/types\/post"}],"author":[{"embeddable":true,"href":"https:\/\/beingblackincanada.com\/fr\/wp-json\/wp\/v2\/users\/1"}],"replies":[{"embeddable":true,"href":"https:\/\/beingblackincanada.com\/fr\/wp-json\/wp\/v2\/comments?post=1558"}],"version-history":[{"count":0,"href":"https:\/\/beingblackincanada.com\/fr\/wp-json\/wp\/v2\/posts\/1558\/revisions"}],"wp:featuredmedia":[{"embeddable":true,"href":"https:\/\/beingblackincanada.com\/fr\/wp-json\/wp\/v2\/media\/1554"}],"wp:attachment":[{"href":"https:\/\/beingblackincanada.com\/fr\/wp-json\/wp\/v2\/media?parent=1558"}],"wp:term":[{"taxonomy":"category","embeddable":true,"href":"https:\/\/beingblackincanada.com\/fr\/wp-json\/wp\/v2\/categories?post=1558"},{"taxonomy":"post_tag","embeddable":true,"href":"https:\/\/beingblackincanada.com\/fr\/wp-json\/wp\/v2\/tags?post=1558"}],"curies":[{"name":"wp","href":"https:\/\/api.w.org\/{rel}","templated":true}]}}