{"id":1097,"date":"2020-07-21T08:51:27","date_gmt":"2020-07-21T12:51:27","guid":{"rendered":"http:\/\/beingblackincanada.mysites.io\/?p=1097"},"modified":"2020-07-21T19:37:39","modified_gmt":"2020-07-21T23:37:39","slug":"etre-noir-e-au-canada-maintenant-la-tele","status":"publish","type":"post","link":"https:\/\/beingblackincanada.com\/fr\/etre-noir-e-au-canada-maintenant-la-tele\/","title":{"rendered":"\u00caTRE NOIR.E AU CANADA\u2026 MAINTENANT \u00c0 LA T\u00c9L\u00c9!"},"content":{"rendered":"<h1 style=\"text-align: center;\">\u00caTRE NOIR.E AU CANADA\u2026 MAINTENANT \u00c0 LA T\u00c9L\u00c9!<\/h1>\n<h2 style=\"text-align: center;\"><strong>\u00catre Noir.e \u00e0 Montr\u00e9al<\/strong>\u00a0: <strong>1<sup style=\"bottom: 0.3em;\">er<\/sup> juillet 2020 \u2013 20h \u00e0 T\u00e9l\u00e9-Qu\u00e9bec<\/strong>, puis sur telequebec.tv<\/h2>\n<h2 style=\"text-align: center;\"><strong>\u00catre Noir.e \u00e0 Toronto<\/strong> et <strong>\u00catre Noir.e \u00e0 Halifax<\/strong>\u00a0: <strong>19 septembre 2020 sur CBC<\/strong> et sur CBC Gem<\/h2>\n<p><em>Montr\u00e9al, le 25 juin 2020<\/em> \u2013 La s\u00e9rie <strong>\u00catre Noir.e au Canada<\/strong>, issue du <strong>Programme \u00ab Rel\u00e8ve et Diversit\u00e9 \u00bb <\/strong>de la<strong> Fondation Fabienne Colas <\/strong>et produite par<strong> Zaza Production<\/strong>, sera pr\u00e9sent\u00e9e \u00e0 la t\u00e9l\u00e9vision partout \u00e0 travers le Canada cette ann\u00e9e.<\/p>\n<p><strong>Pour pallier au manque flagrant de diversit\u00e9 et du peu de gens des communaut\u00e9s noires devant et derri\u00e8re la cam\u00e9ra au Qu\u00e9bec et au Canada<\/strong>, la Fondation Fabienne Colas a cr\u00e9\u00e9 ce programme pour cr\u00e9er, professionnaliser et outiller la rel\u00e8ve noire du Cin\u00e9ma et de la T\u00e9l\u00e9vision. Pour y arriver, le programme a mis sur pied plusieurs initiatives, notamment la s\u00e9rie <strong>\u00catre Noir.e au Canada<\/strong> (Montr\u00e9al, Toronto, Halifax), afin de donner une voix et une vitrine \u00e0 des cr\u00e9ateurs qui, autrement, ne seraient ni vus ni entendus. Cette initiative favorise l\u2019\u00e9galit\u00e9 des chances pour les cin\u00e9astes noirs tout en diversifiant nos \u00e9crans trop blancs pour une soci\u00e9t\u00e9 m\u00e9tiss\u00e9e.<\/p>\n<p><strong>\u00catre Noir.e au Canada<\/strong> <strong>repr\u00e9sente le plus grand programme de formation, mentorat et de cr\u00e9ation enti\u00e8rement d\u00e9di\u00e9 aux cr\u00e9ateurs noir.es \u00e0 travers le Canada<\/strong>. Ce programme a permis en 2019 \u00e0 <strong>15 jeunes cin\u00e9astes<\/strong>, de 18 \u00e0 30 ans, issus des communaut\u00e9s noires de Montr\u00e9al, Toronto et Halifax, de cr\u00e9er une s\u00e9rie de <strong>15 courts-m\u00e9trages documentaires<\/strong> d\u2019environ 10 min chacun. Les jeunes cin\u00e9astes noirs ont trait\u00e9 en toute libert\u00e9 des sujets qu&rsquo;ils souhaitaient, sous le th\u00e8me \u00catre Noir.e au Canada. Ils ont re\u00e7u une formation sp\u00e9cialis\u00e9e et du mentorat jusqu\u2019\u00e0 la diffusion des \u0153uvres r\u00e9alis\u00e9es, en passant par des ateliers sur la sc\u00e9narisation, r\u00e9alisation, montage, production et postproduction. Chacun sous la tutelle de professionnels du milieu,\u00a0ils ont eu acc\u00e8s \u00e0 du mat\u00e9riel professionnel et \u00e0 un soutien personnalis\u00e9.<\/p>\n<p><em>\u00ab\u00a0Les artistes noir.es repr\u00e9sentent le groupe le plus marginalis\u00e9 et mal desservi du milieu des arts au Canada. Nous sommes donc heureux de collaborer avec <strong>CBC<\/strong> et <strong>T\u00e9l\u00e9-Qu\u00e9bec<\/strong> qui, en diffusant \u00e0 la t\u00e9l\u00e9vision et sur le web les <strong>15 films de la s\u00e9rie \u00catre Noir.e au Canada<\/strong>, amplifient les voix de nos jeunes cin\u00e9astes noir.es \u00e0 un moment important de notre histoire. Ceci marque un pas concret vers une plus grande inclusion de la diversit\u00e9 \u00e0 la t\u00e9l\u00e9vision canadienne.\u00a0\u00bb &#8211; a d\u00e9clar\u00e9 <strong>Fabienne Colas<\/strong>, productrice de la s\u00e9rie et pr\u00e9sidente de la Fondation Fabienne Colas<\/em><\/p>\n<p>Cr\u00e9\u00e9 \u00e0 Montr\u00e9al en 2014 par la Fondation Fabienne Colas, la s\u00e9rie s\u2019est d\u00e9roul\u00e9e en 2019 \u00e0 travers trois villes du Canada, soit Montr\u00e9al, Toronto et Halifax, en collaboration avec le <strong>Festival Intl du Film Black de Montr\u00e9al<\/strong> (FIFBM), le <strong>Festival du Film Black de Toronto<\/strong> (TBFF) et le <strong>Festival du Film Black d\u2019Halifax<\/strong> (HBFF).<\/p>\n<p><strong>Les 15 films<\/strong> de l\u2019\u00e9dition 2019 de cette s\u00e9rie ont donc \u00e9t\u00e9 pr\u00e9sent\u00e9s, en pr\u00e9sence des 15 r\u00e9alisateurs, en premi\u00e8re mondiale au 15e Festival International du Film Black de Montr\u00e9al en septembre 2019. Les 15 cin\u00e9astes ont ensuite pr\u00e9sent\u00e9 leurs films en premi\u00e8re ontarienne au Festival du Film Black de Toronto et en premi\u00e8re atlantique canadienne au Festival du Film Black d\u2019Halifax en f\u00e9vrier 2020. Les repr\u00e9sentations ont \u00e9t\u00e9 suivies de causeries pour discuter des enjeux socio-\u00e9conomiques et r\u00e9alit\u00e9s noires dans le cin\u00e9ma et dans la soci\u00e9t\u00e9, particuli\u00e8rement leurs provinces respectives, et partager des pistes de solutions pour une meilleure inclusion des jeunes Noir.es dans le milieu. \u00c0 travers des s\u00e9ances de r\u00e9seautage, les cin\u00e9astes ont pu rencontrer et apprendre de personnalit\u00e9s de l&rsquo;industrie cin\u00e9matographique et de nos communaut\u00e9s.<\/p>\n<p><strong>S\u00c9RIE \u00caTRE NOIR.E AU CANADA \u2013 \u00c9DITION 2019\u00a0: 15 FILMS DANS TROIS VILLES CANADIENNES<\/strong><\/p>\n<p><strong>\u00catre Noir.e \u00e0 Montr\u00e9al \u2013 Courts-m\u00e9trages pr\u00e9sent\u00e9s \u00e0 T\u00e9l\u00e9-Qu\u00e9bec le 1<sup>er<\/sup> juillet 2020 \u2013 20h <\/strong>(Heure de l\u2019Est)<\/p>\n<p><strong>F<\/strong>, r\u00e9alis\u00e9 par Marina Mathieu \u2013 9 mn 39 s I Canada I 2019<\/p>\n<p><strong>Le dilemme de Ma\u2019<\/strong>, r\u00e9alis\u00e9 par Alexa Carrenard \u2013 9 mn 35 s I Canada I 2019<\/p>\n<p><strong>Le Muzungu qu\u00e9b\u00e9cois<\/strong>, r\u00e9alis\u00e9 par Justice Rutikara \u2013 9 mn 55 s I Canada I 2019<\/p>\n<p><strong><em>Prendre sa lumi\u00e8re<\/em><\/strong>, r\u00e9alis\u00e9 par Stella Lemaine \u2013 11 mn 11 s I Canada I 2019<\/p>\n<p><strong><em>Le repos est un droit (Rest is a right)<\/em><\/strong>, r\u00e9alis\u00e9 par Sara-Claudia Ligond\u00e9 \u2013 9 mn 17 s I Canada I 2019<\/p>\n<p>&nbsp;<\/p>\n<p><strong>\u00catre Noir.e \u00e0 Toronto \u2013 Courts-m\u00e9trages pr\u00e9sent\u00e9s \u00e0 CBC le 19 septembre 2020 \u2013 19h <\/strong>(Heure de l\u2019Est)<\/p>\n<p><strong>The Onyx Butterfly<\/strong>, r\u00e9alis\u00e9 par Yasmin Evering-Kerr \u2013 6 min 16 s I Canada I 2019<\/p>\n<p><strong>Joseph, Margaret &amp; I<\/strong>, r\u00e9alis\u00e9 par Valerie Amponsah \u2013 8 min 06 s I Canada I 2019<\/p>\n<p><strong>Black Sun<\/strong>, r\u00e9alis\u00e9 par Adrian Wallace \u2013 7 min 55 s I Canada I 2019<\/p>\n<p><strong>YYZ,<\/strong> r\u00e9alis\u00e9 par Omolola Ajao &#8211; 5 min 30 s I Canada I 2019<\/p>\n<p><strong>Tallawah Abroad<\/strong>, r\u00e9alis\u00e9 par Sharine Taylor \u2013 7min 10 s I Canada I 2019<\/p>\n<p><strong>#Black<\/strong>, r\u00e9alis\u00e9 par Yvano Antonio \u2013 4 min 20 s I Canada I 2019<\/p>\n<p>&nbsp;<\/p>\n<p><strong>\u00catre Noir.e \u00e0 Halifax \u2013 Courts-m\u00e9trages pr\u00e9sent\u00e9s \u00e0 CBC le 19 septembre 2020 \u2013 20h <\/strong>(Heure de l\u2019Atlantique)<\/p>\n<p><strong>Normal<\/strong>, r\u00e9alis\u00e9 par Bradley Bright \u2013 10 min 48 s I Canada I 2019<\/p>\n<p><strong>Journey of Self Love<\/strong>, r\u00e9alis\u00e9 par Latesha Auger \u2013 11 min 34 s I Canada I 2019<\/p>\n<p><strong>Black &amp; Belonging<\/strong>, r\u00e9alis\u00e9 par Francesca Ekwuyasi \u2013 12 min 43 s | Canada | 2019<\/p>\n<p><strong>Youth, Hip Hop Halifax<\/strong>, r\u00e9alis\u00e9 par Harmony Adesola \u2013 9 min 14 s I Canada I 2019<\/p>\n<p>&nbsp;<\/p>\n<p><strong>\u00catre Noir.e au Canada, <\/strong>cr\u00e9\u00e9 par la<strong> Fondation Fabienne Colas<\/strong> et financ\u00e9 par <strong>Conseil des Arts du Canada<\/strong>, a \u00e9t\u00e9 rendu possible avec la collaboration de\u00a0:<\/p>\n<p>MONTREAL:<strong> Festival intl du Film Black de Montr\u00e9al, la SODEC, le Conseil des Arts et des Lettres du Qu\u00e9bec, le Conseil des Arts de Montr\u00e9al, L\u2019Inis. <\/strong>TORONTO:<strong> Toronto Black Film Festival, Oya Media, Pathway2industry. <\/strong>HALIFAX:<strong> Halifax Black Film Festival, Screen Nova Scotia, Current Studio et AFCOOP<\/strong>.<\/p>\n<p><strong>\u00c0 Propos de la Fondation Fabienne Colas<\/strong><\/p>\n<p>La Fondation Fabienne Colas, organisme artistique professionnel \u00e0 but non lucratif, se voue \u00e0 l\u2019avancement de l\u2019\u00e9ducation et de la diversit\u00e9 \u00e0 travers les arts ainsi qu\u2019au soutien \u00e0 la cr\u00e9ation, la production, la promotion et la diffusion du Cin\u00e9ma, de l\u2019Art et de la Culture tant sur le plan national qu\u2019international. Pour remplir sa mission, la Fondation a mis sur pied <strong>9 festivals<\/strong> ici et ailleurs ainsi que des programmes, bourses et prix d\u2019excellence visant \u00e0 briser les barri\u00e8res, \u00e0 c\u00e9l\u00e9brer la diversit\u00e9, \u00e0 favoriser la solidarit\u00e9, la compr\u00e9hension et l\u2019inclusion. Depuis sa cr\u00e9ation en 2005, ses initiatives \/ festivals ont pr\u00e9sent\u00e9 et soutenu plus de <strong>2 000 artistes<\/strong> et attir\u00e9 pr\u00e8s d\u2019<strong>1 million<\/strong> de festivaliers d\u2019origines diverses au <strong>Canada, aux \u00c9tats-Unis, Ha\u00efti <\/strong>et<strong> Br\u00e9sil<\/strong>. Elle pr\u00e9sente particuli\u00e8rement les cultures noires \u00e0 Montr\u00e9al, Toronto, Halifax, Ville de New York et Salvador (Bahia, Br\u00e9sil) ; et la culture qu\u00e9b\u00e9coise \u00e0 Port-au-Prince. <a href=\"http:\/\/www.fondationfabiennecolas.org\">www.fondationfabiennecolas.org<\/a><\/p>\n<p>Pour toutes demandes d\u2019entrevues, veuillez contacter<\/p>\n<p>V\u00e9ronique Fecteau, relationniste 514-893-0772 <a href=\"mailto:veronique@perfecteaucomm.com\">veronique@perfecteaucomm.com<\/a><\/p>\n<p>&nbsp;<\/p>\n<p><strong>Aidez-nous \u00e0 maintenir et offrir ce programme de mentorat et de cr\u00e9ation GRATUITEMENT aux artistes noir.es!<\/strong><br \/>\n<a href=\"https:\/\/www.paypal.com\/cgi-bin\/webscr?cmd=_s-xclick&amp;hosted_button_id=XK6AHHEJMBJG4&amp;source=url\" target=\"_blank\" rel=\"noopener noreferrer\"><strong>FAITES UN DON AUJOURD&rsquo;HUI!<\/strong><\/a><\/p>\n<p>&nbsp;<\/p>\n<p><a href=\"https:\/\/www.paypal.com\/cgi-bin\/webscr?cmd=_s-xclick&amp;hosted_button_id=XK6AHHEJMBJG4&amp;source=url\" target=\"_blank\" rel=\"noopener noreferrer\"><em><img loading=\"lazy\" decoding=\"async\" class=\"alignnone wp-image-13807\" src=\"http:\/\/montrealblackfilm.com\/wp-content\/uploads\/2020\/04\/Don-paypal-300x140.jpg\" sizes=\"(max-width: 138px) 100vw, 138px\" srcset=\"http:\/\/montrealblackfilm.com\/wp-content\/uploads\/2020\/04\/Don-paypal-300x140.jpg 300w, http:\/\/montrealblackfilm.com\/wp-content\/uploads\/2020\/04\/Don-paypal.jpg 329w\" alt=\"\" width=\"138\" height=\"64\" \/><\/em><\/a><\/p>\n","protected":false},"excerpt":{"rendered":"<p>\u00caTRE NOIR.E AU CANADA\u2026 MAINTENANT \u00c0 LA T\u00c9L\u00c9! \u00catre Noir.e \u00e0 Montr\u00e9al\u00a0: 1er juillet 2020 \u2013 20h \u00e0 T\u00e9l\u00e9-Qu\u00e9bec, puis sur telequebec.tv \u00catre Noir.e \u00e0 Toronto et \u00catre Noir.e \u00e0 Halifax\u00a0: 19 septembre 2020 sur CBC et sur CBC Gem Montr\u00e9al, le 25 juin 2020 \u2013 La s\u00e9rie \u00catre Noir.e au Canada, issue du Programme [&hellip;]<\/p>\n","protected":false},"author":1,"featured_media":1145,"comment_status":"open","ping_status":"open","sticky":false,"template":"","format":"standard","meta":{"_et_pb_use_builder":"","_et_pb_old_content":"","_et_gb_content_width":"","footnotes":""},"categories":[16],"tags":[],"class_list":["post-1097","post","type-post","status-publish","format-standard","has-post-thumbnail","hentry","category-nouvelles"],"yoast_head":"<!-- This site is optimized with the Yoast SEO plugin v25.3.1 - https:\/\/yoast.com\/wordpress\/plugins\/seo\/ -->\n<title>\u00caTRE NOIR.E AU CANADA\u2026 MAINTENANT \u00c0 LA T\u00c9L\u00c9! - BEING BLACK IN CANADA<\/title>\n<meta name=\"robots\" content=\"index, follow, max-snippet:-1, max-image-preview:large, max-video-preview:-1\" \/>\n<link rel=\"canonical\" href=\"https:\/\/beingblackincanada.com\/fr\/etre-noir-e-au-canada-maintenant-la-tele\/\" \/>\n<meta property=\"og:locale\" content=\"fr_FR\" \/>\n<meta property=\"og:type\" content=\"article\" \/>\n<meta property=\"og:title\" content=\"\u00caTRE NOIR.E AU CANADA\u2026 MAINTENANT \u00c0 LA T\u00c9L\u00c9! - BEING BLACK IN CANADA\" \/>\n<meta property=\"og:description\" content=\"\u00caTRE NOIR.E AU CANADA\u2026 MAINTENANT \u00c0 LA T\u00c9L\u00c9! \u00catre Noir.e \u00e0 Montr\u00e9al\u00a0: 1er juillet 2020 \u2013 20h \u00e0 T\u00e9l\u00e9-Qu\u00e9bec, puis sur telequebec.tv \u00catre Noir.e \u00e0 Toronto et \u00catre Noir.e \u00e0 Halifax\u00a0: 19 septembre 2020 sur CBC et sur CBC Gem Montr\u00e9al, le 25 juin 2020 \u2013 La s\u00e9rie \u00catre Noir.e au Canada, issue du Programme [&hellip;]\" \/>\n<meta property=\"og:url\" content=\"https:\/\/beingblackincanada.com\/fr\/etre-noir-e-au-canada-maintenant-la-tele\/\" \/>\n<meta property=\"og:site_name\" content=\"BEING BLACK IN CANADA\" \/>\n<meta property=\"article:published_time\" content=\"2020-07-21T12:51:27+00:00\" \/>\n<meta property=\"article:modified_time\" content=\"2020-07-21T23:37:39+00:00\" \/>\n<meta property=\"og:image\" content=\"https:\/\/beingblackincanada.com\/wp-content\/uploads\/2020\/07\/Being-Black-in-Canada-2019-Alumni-with-mentors-at-Montreal-Black-Film-Fest.jpg\" \/>\n\t<meta property=\"og:image:width\" content=\"1920\" \/>\n\t<meta property=\"og:image:height\" content=\"1080\" \/>\n\t<meta property=\"og:image:type\" content=\"image\/jpeg\" \/>\n<meta name=\"twitter:card\" content=\"summary_large_image\" \/>\n<meta name=\"twitter:label1\" content=\"\u00c9crit par\" \/>\n\t<meta name=\"twitter:data1\" content=\"\" \/>\n\t<meta name=\"twitter:label2\" content=\"Dur\u00e9e de lecture estim\u00e9e\" \/>\n\t<meta name=\"twitter:data2\" content=\"6 minutes\" \/>\n<script type=\"application\/ld+json\" class=\"yoast-schema-graph\">{\"@context\":\"https:\/\/schema.org\",\"@graph\":[{\"@type\":\"WebPage\",\"@id\":\"https:\/\/beingblackincanada.com\/fr\/etre-noir-e-au-canada-maintenant-la-tele\/\",\"url\":\"https:\/\/beingblackincanada.com\/fr\/etre-noir-e-au-canada-maintenant-la-tele\/\",\"name\":\"\u00caTRE NOIR.E AU CANADA\u2026 MAINTENANT \u00c0 LA T\u00c9L\u00c9! - BEING BLACK IN CANADA\",\"isPartOf\":{\"@id\":\"https:\/\/beingblackincanada.com\/#website\"},\"primaryImageOfPage\":{\"@id\":\"https:\/\/beingblackincanada.com\/fr\/etre-noir-e-au-canada-maintenant-la-tele\/#primaryimage\"},\"image\":{\"@id\":\"https:\/\/beingblackincanada.com\/fr\/etre-noir-e-au-canada-maintenant-la-tele\/#primaryimage\"},\"thumbnailUrl\":\"https:\/\/beingblackincanada.com\/wp-content\/uploads\/2020\/07\/Being-Black-in-Canada-2019-Alumni-with-mentors-at-Montreal-Black-Film-Fest.jpg\",\"datePublished\":\"2020-07-21T12:51:27+00:00\",\"dateModified\":\"2020-07-21T23:37:39+00:00\",\"author\":{\"@id\":\"\"},\"breadcrumb\":{\"@id\":\"https:\/\/beingblackincanada.com\/fr\/etre-noir-e-au-canada-maintenant-la-tele\/#breadcrumb\"},\"inLanguage\":\"fr-FR\",\"potentialAction\":[{\"@type\":\"ReadAction\",\"target\":[\"https:\/\/beingblackincanada.com\/fr\/etre-noir-e-au-canada-maintenant-la-tele\/\"]}]},{\"@type\":\"ImageObject\",\"inLanguage\":\"fr-FR\",\"@id\":\"https:\/\/beingblackincanada.com\/fr\/etre-noir-e-au-canada-maintenant-la-tele\/#primaryimage\",\"url\":\"https:\/\/beingblackincanada.com\/wp-content\/uploads\/2020\/07\/Being-Black-in-Canada-2019-Alumni-with-mentors-at-Montreal-Black-Film-Fest.jpg\",\"contentUrl\":\"https:\/\/beingblackincanada.com\/wp-content\/uploads\/2020\/07\/Being-Black-in-Canada-2019-Alumni-with-mentors-at-Montreal-Black-Film-Fest.jpg\",\"width\":1920,\"height\":1080},{\"@type\":\"BreadcrumbList\",\"@id\":\"https:\/\/beingblackincanada.com\/fr\/etre-noir-e-au-canada-maintenant-la-tele\/#breadcrumb\",\"itemListElement\":[{\"@type\":\"ListItem\",\"position\":1,\"name\":\"Home\",\"item\":\"https:\/\/beingblackincanada.com\/fr\/\"},{\"@type\":\"ListItem\",\"position\":2,\"name\":\"\u00caTRE NOIR.E AU CANADA\u2026 MAINTENANT \u00c0 LA T\u00c9L\u00c9!\"}]},{\"@type\":\"WebSite\",\"@id\":\"https:\/\/beingblackincanada.com\/#website\",\"url\":\"https:\/\/beingblackincanada.com\/\",\"name\":\"BEING BLACK IN CANADA\",\"description\":\"\",\"potentialAction\":[{\"@type\":\"SearchAction\",\"target\":{\"@type\":\"EntryPoint\",\"urlTemplate\":\"https:\/\/beingblackincanada.com\/?s={search_term_string}\"},\"query-input\":{\"@type\":\"PropertyValueSpecification\",\"valueRequired\":true,\"valueName\":\"search_term_string\"}}],\"inLanguage\":\"fr-FR\"},{\"@type\":\"Person\",\"@id\":\"\",\"url\":\"https:\/\/beingblackincanada.com\/fr\/author\/\"}]}<\/script>\n<!-- \/ Yoast SEO plugin. -->","yoast_head_json":{"title":"\u00caTRE NOIR.E AU CANADA\u2026 MAINTENANT \u00c0 LA T\u00c9L\u00c9! - BEING BLACK IN CANADA","robots":{"index":"index","follow":"follow","max-snippet":"max-snippet:-1","max-image-preview":"max-image-preview:large","max-video-preview":"max-video-preview:-1"},"canonical":"https:\/\/beingblackincanada.com\/fr\/etre-noir-e-au-canada-maintenant-la-tele\/","og_locale":"fr_FR","og_type":"article","og_title":"\u00caTRE NOIR.E AU CANADA\u2026 MAINTENANT \u00c0 LA T\u00c9L\u00c9! - BEING BLACK IN CANADA","og_description":"\u00caTRE NOIR.E AU CANADA\u2026 MAINTENANT \u00c0 LA T\u00c9L\u00c9! \u00catre Noir.e \u00e0 Montr\u00e9al\u00a0: 1er juillet 2020 \u2013 20h \u00e0 T\u00e9l\u00e9-Qu\u00e9bec, puis sur telequebec.tv \u00catre Noir.e \u00e0 Toronto et \u00catre Noir.e \u00e0 Halifax\u00a0: 19 septembre 2020 sur CBC et sur CBC Gem Montr\u00e9al, le 25 juin 2020 \u2013 La s\u00e9rie \u00catre Noir.e au Canada, issue du Programme [&hellip;]","og_url":"https:\/\/beingblackincanada.com\/fr\/etre-noir-e-au-canada-maintenant-la-tele\/","og_site_name":"BEING BLACK IN CANADA","article_published_time":"2020-07-21T12:51:27+00:00","article_modified_time":"2020-07-21T23:37:39+00:00","og_image":[{"width":1920,"height":1080,"url":"https:\/\/beingblackincanada.com\/wp-content\/uploads\/2020\/07\/Being-Black-in-Canada-2019-Alumni-with-mentors-at-Montreal-Black-Film-Fest.jpg","type":"image\/jpeg"}],"twitter_card":"summary_large_image","twitter_misc":{"\u00c9crit par":"","Dur\u00e9e de lecture estim\u00e9e":"6 minutes"},"schema":{"@context":"https:\/\/schema.org","@graph":[{"@type":"WebPage","@id":"https:\/\/beingblackincanada.com\/fr\/etre-noir-e-au-canada-maintenant-la-tele\/","url":"https:\/\/beingblackincanada.com\/fr\/etre-noir-e-au-canada-maintenant-la-tele\/","name":"\u00caTRE NOIR.E AU CANADA\u2026 MAINTENANT \u00c0 LA T\u00c9L\u00c9! - BEING BLACK IN CANADA","isPartOf":{"@id":"https:\/\/beingblackincanada.com\/#website"},"primaryImageOfPage":{"@id":"https:\/\/beingblackincanada.com\/fr\/etre-noir-e-au-canada-maintenant-la-tele\/#primaryimage"},"image":{"@id":"https:\/\/beingblackincanada.com\/fr\/etre-noir-e-au-canada-maintenant-la-tele\/#primaryimage"},"thumbnailUrl":"https:\/\/beingblackincanada.com\/wp-content\/uploads\/2020\/07\/Being-Black-in-Canada-2019-Alumni-with-mentors-at-Montreal-Black-Film-Fest.jpg","datePublished":"2020-07-21T12:51:27+00:00","dateModified":"2020-07-21T23:37:39+00:00","author":{"@id":""},"breadcrumb":{"@id":"https:\/\/beingblackincanada.com\/fr\/etre-noir-e-au-canada-maintenant-la-tele\/#breadcrumb"},"inLanguage":"fr-FR","potentialAction":[{"@type":"ReadAction","target":["https:\/\/beingblackincanada.com\/fr\/etre-noir-e-au-canada-maintenant-la-tele\/"]}]},{"@type":"ImageObject","inLanguage":"fr-FR","@id":"https:\/\/beingblackincanada.com\/fr\/etre-noir-e-au-canada-maintenant-la-tele\/#primaryimage","url":"https:\/\/beingblackincanada.com\/wp-content\/uploads\/2020\/07\/Being-Black-in-Canada-2019-Alumni-with-mentors-at-Montreal-Black-Film-Fest.jpg","contentUrl":"https:\/\/beingblackincanada.com\/wp-content\/uploads\/2020\/07\/Being-Black-in-Canada-2019-Alumni-with-mentors-at-Montreal-Black-Film-Fest.jpg","width":1920,"height":1080},{"@type":"BreadcrumbList","@id":"https:\/\/beingblackincanada.com\/fr\/etre-noir-e-au-canada-maintenant-la-tele\/#breadcrumb","itemListElement":[{"@type":"ListItem","position":1,"name":"Home","item":"https:\/\/beingblackincanada.com\/fr\/"},{"@type":"ListItem","position":2,"name":"\u00caTRE NOIR.E AU CANADA\u2026 MAINTENANT \u00c0 LA T\u00c9L\u00c9!"}]},{"@type":"WebSite","@id":"https:\/\/beingblackincanada.com\/#website","url":"https:\/\/beingblackincanada.com\/","name":"BEING BLACK IN CANADA","description":"","potentialAction":[{"@type":"SearchAction","target":{"@type":"EntryPoint","urlTemplate":"https:\/\/beingblackincanada.com\/?s={search_term_string}"},"query-input":{"@type":"PropertyValueSpecification","valueRequired":true,"valueName":"search_term_string"}}],"inLanguage":"fr-FR"},{"@type":"Person","@id":"","url":"https:\/\/beingblackincanada.com\/fr\/author\/"}]}},"_links":{"self":[{"href":"https:\/\/beingblackincanada.com\/fr\/wp-json\/wp\/v2\/posts\/1097","targetHints":{"allow":["GET"]}}],"collection":[{"href":"https:\/\/beingblackincanada.com\/fr\/wp-json\/wp\/v2\/posts"}],"about":[{"href":"https:\/\/beingblackincanada.com\/fr\/wp-json\/wp\/v2\/types\/post"}],"author":[{"embeddable":true,"href":"https:\/\/beingblackincanada.com\/fr\/wp-json\/wp\/v2\/users\/1"}],"replies":[{"embeddable":true,"href":"https:\/\/beingblackincanada.com\/fr\/wp-json\/wp\/v2\/comments?post=1097"}],"version-history":[{"count":0,"href":"https:\/\/beingblackincanada.com\/fr\/wp-json\/wp\/v2\/posts\/1097\/revisions"}],"wp:featuredmedia":[{"embeddable":true,"href":"https:\/\/beingblackincanada.com\/fr\/wp-json\/wp\/v2\/media\/1145"}],"wp:attachment":[{"href":"https:\/\/beingblackincanada.com\/fr\/wp-json\/wp\/v2\/media?parent=1097"}],"wp:term":[{"taxonomy":"category","embeddable":true,"href":"https:\/\/beingblackincanada.com\/fr\/wp-json\/wp\/v2\/categories?post=1097"},{"taxonomy":"post_tag","embeddable":true,"href":"https:\/\/beingblackincanada.com\/fr\/wp-json\/wp\/v2\/tags?post=1097"}],"curies":[{"name":"wp","href":"https:\/\/api.w.org\/{rel}","templated":true}]}}